{"id":142,"date":"2019-08-21T10:09:01","date_gmt":"2019-08-21T10:09:01","guid":{"rendered":"https:\/\/divilandscapingtheme.divifixer.com\/?p=296"},"modified":"2024-06-27T19:21:46","modified_gmt":"2024-06-27T17:21:46","slug":"comment-concevoir-un-jardin-durable-et-ecologique","status":"publish","type":"post","link":"https:\/\/les-jardins-d-anna.fr\/index.php\/2019\/08\/21\/comment-concevoir-un-jardin-durable-et-ecologique\/","title":{"rendered":"Comment Concevoir un Jardin Durable et \u00c9cologique"},"content":{"rendered":"<p>[et_pb_section fb_built=\u00a0\u00bb1&Prime; admin_label=\u00a0\u00bbsection\u00a0\u00bb _builder_version=\u00a0\u00bb4.16&Prime; custom_padding=\u00a0\u00bb0px||16px||false|false\u00a0\u00bb global_colors_info=\u00a0\u00bb{}\u00a0\u00bb][et_pb_row use_custom_gutter=\u00a0\u00bbon\u00a0\u00bb gutter_width=\u00a0\u00bb2&Prime; make_equal=\u00a0\u00bbon\u00a0\u00bb _builder_version=\u00a0\u00bb4.16&Prime; width=\u00a0\u00bb100%\u00a0\u00bb max_width=\u00a0\u00bb100%\u00a0\u00bb custom_padding=\u00a0\u00bb||4px|||\u00a0\u00bb global_colors_info=\u00a0\u00bb{}\u00a0\u00bb][et_pb_column type=\u00a0\u00bb4_4&Prime; _builder_version=\u00a0\u00bb4.16&Prime; global_colors_info=\u00a0\u00bb{}\u00a0\u00bb][et_pb_text _builder_version=\u00a0\u00bb4.25.2&Prime; global_colors_info=\u00a0\u00bb{}\u00a0\u00bb]<\/p>\n<p>L&rsquo;am\u00e9nagement paysager durable est une tendance croissante qui vise \u00e0 cr\u00e9er des espaces verts beaux et respectueux de l&rsquo;environnement. Voici comment concevoir un jardin durable et \u00e9cologique qui profite \u00e0 vous et \u00e0 la plan\u00e8te.<\/p>\n<h4><\/h4>\n<p>[\/et_pb_text][et_pb_image src=\u00a0\u00bbhttps:\/\/les-jardins-d-anna.fr\/wp-content\/uploads\/2019\/08\/WhatsApp-Image-2024-06-13-at-13.44.23.jpeg\u00a0\u00bb title_text=\u00a0\u00bbWhatsApp Image 2024-06-13 at 13.44.23&Prime; _builder_version=\u00a0\u00bb4.25.2&Prime; _module_preset=\u00a0\u00bbdefault\u00a0\u00bb hover_enabled=\u00a0\u00bb0&Prime; global_colors_info=\u00a0\u00bb{}\u00a0\u00bb sticky_enabled=\u00a0\u00bb0&Prime;][\/et_pb_image][et_pb_text _builder_version=\u00a0\u00bb4.25.2&Prime; global_colors_info=\u00a0\u00bb{}\u00a0\u00bb]<\/p>\n<ol>\n<li>\n<p><strong>Choisir des Plantes Indig\u00e8nes<\/strong><\/p>\n<ul>\n<li>Les plantes indig\u00e8nes sont adapt\u00e9es \u00e0 votre climat local et n\u00e9cessitent moins d&rsquo;eau et d&rsquo;entretien. Elles favorisent \u00e9galement la biodiversit\u00e9.<\/li>\n<\/ul>\n<\/li>\n<li>\n<p><strong>Utiliser des Mat\u00e9riaux Recycl\u00e9s<\/strong><\/p>\n<ul>\n<li>Optez pour des mat\u00e9riaux recycl\u00e9s ou r\u00e9utilis\u00e9s pour vos all\u00e9es, terrasses et structures de jardin. Cela r\u00e9duit l&#8217;empreinte \u00e9cologique de votre projet.<\/li>\n<\/ul>\n<\/li>\n<li>\n<p><strong>Installer un Syst\u00e8me de R\u00e9cup\u00e9ration de l&rsquo;Eau de Pluie<\/strong><\/p>\n<ul>\n<li>Un syst\u00e8me de r\u00e9cup\u00e9ration de l&rsquo;eau de pluie permet de r\u00e9duire la consommation d&rsquo;eau potable pour l&rsquo;arrosage de votre jardin.<\/li>\n<\/ul>\n<\/li>\n<li>\n<p><strong>Cr\u00e9er des Habitats pour la Faune<\/strong><\/p>\n<ul>\n<li>Int\u00e9grez des \u00e9l\u00e9ments tels que des nichoirs, des h\u00f4tels \u00e0 insectes et des points d&rsquo;eau pour attirer et soutenir la faune locale.<\/li>\n<\/ul>\n<\/li>\n<li>\n<p><strong>Adopter le Paillage<\/strong><\/p>\n<ul>\n<li>Le paillage aide \u00e0 conserver l&rsquo;humidit\u00e9, \u00e0 enrichir le sol et \u00e0 r\u00e9duire la croissance des mauvaises herbes. Utilisez des mat\u00e9riaux naturels comme les copeaux de bois ou les feuilles mortes.<\/li>\n<\/ul>\n<\/li>\n<\/ol>\n<p>[\/et_pb_text][\/et_pb_column][\/et_pb_row][et_pb_row use_custom_gutter=\u00a0\u00bbon\u00a0\u00bb gutter_width=\u00a0\u00bb2&Prime; make_equal=\u00a0\u00bbon\u00a0\u00bb _builder_version=\u00a0\u00bb4.16&Prime; width=\u00a0\u00bb100%\u00a0\u00bb max_width=\u00a0\u00bb100%\u00a0\u00bb custom_padding=\u00a0\u00bb6px|||||\u00a0\u00bb global_colors_info=\u00a0\u00bb{}\u00a0\u00bb][et_pb_column type=\u00a0\u00bb4_4&Prime; _builder_version=\u00a0\u00bb4.16&Prime; global_colors_info=\u00a0\u00bb{}\u00a0\u00bb][et_pb_text _builder_version=\u00a0\u00bb4.25.2&Prime; global_colors_info=\u00a0\u00bb{}\u00a0\u00bb]<\/p>\n<p>En adoptant ces pratiques, vous pouvez cr\u00e9er un jardin qui est non seulement beau mais aussi respectueux de l&rsquo;environnement. Pour un am\u00e9nagement paysager professionnel et \u00e9cologique, faites appel \u00e0 Les Jardins d&rsquo;Anna.<\/p>\n<h3><\/h3>\n<p>[\/et_pb_text][\/et_pb_column][\/et_pb_row][\/et_pb_section]<\/p>\n","protected":false},"excerpt":{"rendered":"<p>L&rsquo;am\u00e9nagement paysager durable est une tendance croissante qui vise \u00e0 cr\u00e9er des espaces verts beaux et respectueux de l&rsquo;environnement. Voici comment concevoir un jardin durable et \u00e9cologique qui profite \u00e0 vous et \u00e0 la plan\u00e8te. Choisir des Plantes Indig\u00e8nes Les plantes indig\u00e8nes sont adapt\u00e9es \u00e0 votre climat local et n\u00e9cessitent moins d&rsquo;eau et d&rsquo;entretien. Elles [&hellip;]<\/p>\n","protected":false},"author":1,"featured_media":337,"comment_status":"open","ping_status":"open","sticky":false,"template":"","format":"standard","meta":{"_et_pb_use_builder":"on","_et_pb_old_content":"Lorem Ipsum is simply dummy text of the more printing and typesetting industry.","_et_gb_content_width":"","two_page_speed":[],"footnotes":""},"categories":[20],"tags":[],"class_list":["post-142","post","type-post","status-publish","format-standard","has-post-thumbnail","hentry","category-amenagement-exterieur"],"_links":{"self":[{"href":"https:\/\/les-jardins-d-anna.fr\/index.php\/wp-json\/wp\/v2\/posts\/142","targetHints":{"allow":["GET"]}}],"collection":[{"href":"https:\/\/les-jardins-d-anna.fr\/index.php\/wp-json\/wp\/v2\/posts"}],"about":[{"href":"https:\/\/les-jardins-d-anna.fr\/index.php\/wp-json\/wp\/v2\/types\/post"}],"author":[{"embeddable":true,"href":"https:\/\/les-jardins-d-anna.fr\/index.php\/wp-json\/wp\/v2\/users\/1"}],"replies":[{"embeddable":true,"href":"https:\/\/les-jardins-d-anna.fr\/index.php\/wp-json\/wp\/v2\/comments?post=142"}],"version-history":[{"count":6,"href":"https:\/\/les-jardins-d-anna.fr\/index.php\/wp-json\/wp\/v2\/posts\/142\/revisions"}],"predecessor-version":[{"id":495,"href":"https:\/\/les-jardins-d-anna.fr\/index.php\/wp-json\/wp\/v2\/posts\/142\/revisions\/495"}],"wp:featuredmedia":[{"embeddable":true,"href":"https:\/\/les-jardins-d-anna.fr\/index.php\/wp-json\/wp\/v2\/media\/337"}],"wp:attachment":[{"href":"https:\/\/les-jardins-d-anna.fr\/index.php\/wp-json\/wp\/v2\/media?parent=142"}],"wp:term":[{"taxonomy":"category","embeddable":true,"href":"https:\/\/les-jardins-d-anna.fr\/index.php\/wp-json\/wp\/v2\/categories?post=142"},{"taxonomy":"post_tag","embeddable":true,"href":"https:\/\/les-jardins-d-anna.fr\/index.php\/wp-json\/wp\/v2\/tags?post=142"}],"curies":[{"name":"wp","href":"https:\/\/api.w.org\/{rel}","templated":true}]}}